[{"@context":"https:\/\/schema.org\/","@type":"Article","@id":"https:\/\/www.stomi.cz\/jedeme-si-pro-auto\/#Article","mainEntityOfPage":"https:\/\/www.stomi.cz\/jedeme-si-pro-auto\/","headline":"Jedeme si pro auto","name":"Jedeme si pro auto","description":"Uva\u017eujete, \u017ee si po\u0159\u00edd\u00edte nov\u00fd automobil? Pokud ano, tak se tomu nediv\u00edm, proto\u017ee jsem se dozv\u011bd\u011bla z takov\u00e9ho pr\u016fzkumu, \u017ee","datePublished":"2026-03-11","dateModified":"2026-03-11","author":{"@type":"Person","@id":"https:\/\/www.stomi.cz\/author\/#Person","name":"","url":"https:\/\/www.stomi.cz\/author\/","identifier":1,"image":{"@type":"ImageObject","@id":"https:\/\/secure.gravatar.com\/avatar\/f7b3e8bb7f7cc0c6ca940e74a10b952be4c7d81de8a980387c865f88889f02e3?s=96&d=mm&r=g","url":"https:\/\/secure.gravatar.com\/avatar\/f7b3e8bb7f7cc0c6ca940e74a10b952be4c7d81de8a980387c865f88889f02e3?s=96&d=mm&r=g","height":96,"width":96}},"publisher":{"@type":"Organization","name":"stomi.cz","logo":{"@type":"ImageObject","@id":"\/logo.png","url":"\/logo.png","width":600,"height":60}},"image":{"@type":"ImageObject","@id":"https:\/\/www.stomi.cz\/wp-content\/uploads\/jamesdemers-automobile-176989_640_1.jpg","url":"https:\/\/www.stomi.cz\/wp-content\/uploads\/jamesdemers-automobile-176989_640_1.jpg","height":0,"width":0},"url":"https:\/\/www.stomi.cz\/jedeme-si-pro-auto\/","about":["Firmy"],"wordCount":414,"articleBody":"      Uva\u017eujete, \u017ee si po\u0159\u00edd\u00edte nov\u00fd automobil? Pokud ano, tak se tomu nediv\u00edm, proto\u017ee jsem se dozv\u011bd\u011bla z takov\u00e9ho pr\u016fzkumu, \u017ee pr\u00fd na ja\u0159e nebo za\u010d\u00e1tkem l\u00e9ta lid\u00e9 kupuj\u00ed ve v\u011bt\u0161in\u011b p\u0159\u00edpad\u016f automobil, tedy za p\u0159edpokladu, \u017ee ho maj\u00ed v pl\u00e1nu koupit. Nen\u00ed to t\u0159eba, jako kdy\u017e kupujete oble\u010den\u00ed nebo t\u0159eba boty \u010di parf\u00e9m, \u017ee se jenom tak ze dne na den rozhodnete koupit automobil? Tohle rozhodn\u011b tedy ne. M\u00e1m t\u00edm na mysli, \u017ee jenom pokud m\u00e1te v pl\u00e1nu koupit automobil, tak hodn\u011b lid\u00ed to pr\u00e1v\u011b kupuje na ja\u0159e nebo za\u010d\u00e1tkem l\u00e9ta. A mn\u011b se tohle l\u00edb\u00ed taky, ale hlavn\u011b mus\u00edte pop\u0159em\u00fd\u0161let, jak to budete financovat.M\u016f\u017eete samoz\u0159ejm\u011b m\u00edt automobil na spl\u00e1tky nebo na klasick\u00fd desing nebo leasing bez registru. Pokud m\u00e1te exekuci, tak samoz\u0159ejm\u011b, \u017ee i tohle je mo\u017en\u00e9, proto\u017ee automobil na spl\u00e1tky s exekuc\u00ed tak\u00e9 existuje. Mysl\u00edm si, \u017ee tohle je prima, proto\u017ee se vemte, kdyby n\u011bkdo m\u011bl n\u011bjakou firmu a pot\u0159eboval by ke sv\u00e9 firm\u011b a ke sv\u00e9 \u017eivnosti m\u00edt automobil. T\u0159eba firemn\u00ed automobil nebo dod\u00e1vku a tak podobn\u011b. To je potom logick\u00e9, \u017ee kdy\u017e je \u010dlov\u011bk zadlu\u017een\u00fd, \u017ee bude pot\u0159ebovat automobil, jak by jinak mohl pracovat. Proto se mi l\u00edb\u00ed, \u017ee tato mo\u017enost, i kdy\u017e jste v exekuci, \u017ee si tak\u00e9 automobil m\u016f\u017eete vz\u00edt na spl\u00e1tky nebo tak\u00e9 na leasing.Tohle z\u00e1le\u017e\u00ed samoz\u0159ejm\u011b na v\u00e1s. Nav\u00edc si ale mysl\u00edm, \u017ee by bylo super a bylo by nejlep\u0161\u00ed, kdybyste si t\u0159eba napomoct vzali n\u011bjak\u00e9ho finan\u010dn\u00edho nebo bankovn\u00edho poradce takov\u00e9ho specialistu, kter\u00fd se v tom vyzn\u00e1, i kdy\u017e jste v exekuci, tohle nen\u00ed v\u016fbec \u017e\u00e1dn\u00e1 p\u0159ek\u00e1\u017eka a nen\u00ed to v\u016fbec \u017e\u00e1dn\u00fd probl\u00e9m. J\u00e1 sama za sebe doporu\u010duji automobil na spl\u00e1tky, i kdy\u017e jste v exekuci, proto\u017ee to ve v\u011bt\u0161in\u011b p\u0159\u00edpad\u016f dopad\u00e1 dob\u0159e, zat\u00edm nezn\u00e1m nikoho, kdo by si na to st\u011b\u017eoval. Auto na spl\u00e1tky s exekuc\u00ed nen\u00ed v\u016fbec \u017e\u00e1dn\u00fd probl\u00e9m, a kdy\u017e nad t\u00edm budete p\u0159em\u00fd\u0161let, tak samoz\u0159ejm\u011b, \u017ee tak\u00e9 automobil m\u016f\u017eete m\u00edt, i kdy\u017e jste v exekuci.                                                                                                                                                                                                                                                                                                                                                                                                   "},{"@context":"https:\/\/schema.org\/","@type":"BreadcrumbList","itemListElement":[{"@type":"ListItem","position":1,"name":"Jedeme si pro auto","item":"https:\/\/www.stomi.cz\/jedeme-si-pro-auto\/#breadcrumbitem"}]}]